{"id":4900,"date":"2014-07-16T00:00:00","date_gmt":"2014-07-15T22:00:00","guid":{"rendered":"https:\/\/www.boryszew.com.pl\/06-06-2014-puls-biznesu-boryszew-znow-chce-inwestowac\/"},"modified":"2020-05-20T14:14:52","modified_gmt":"2020-05-20T12:14:52","slug":"06-06-2014-puls-biznesu-boryszew-znow-chce-inwestowac","status":"publish","type":"post","link":"https:\/\/www.boryszew.com.pl\/en\/06-06-2014-puls-biznesu-boryszew-znow-chce-inwestowac\/","title":{"rendered":"06.06.2014 Puls Biznesu: Boryszew zn\u00f3w chce inwestowa\u0107"},"content":{"rendered":"<p style=\"text-align: justify;\">W kwietniu Boryszew kupi\u0142 od japo\u0144skiego Tenscho fabryk\u0119 w Ostaszewie, czyli s\u0142ynnym Crystal Parku stworzonym dla Sharpa, kt\u00f3ry mia\u0142 pod Toruniem produkowa\u0107 telewizory. Liczy na kontrakty z bran\u017cy motoryzacyjnej i opakowa\u0144. Teraz chce jeszcze wi\u0119cej.<br \/>\n&#8211; Opr\u00f3cz zakupu fabryki w Ostaszewie planujemy tak\u017ce budow\u0119 zak\u0142adu na terenach Elany. Obecne i mo\u017cliwe do zdobycia zam\u00f3wienia powoduj\u0105, \u017ce musimy rozbudowa\u0107 moce produkcyjne &#8211; m\u00f3wi Pawe\u0142 Sur\u00f3wka, cz\u0142onek zarz\u0105du Boryszewa.<br \/>\nSp\u00f3\u0142ka chce w\u0142\u0105czy\u0107 toru\u0144ski projekt do Pomorskiej Specjalnej Strefy Ekonomicznej (PSSE).<br \/>\n&#8211; Boryszew konsultuje mo\u017cliwo\u015b\u0107 wej\u015bcia do strefy. Wraz z oddalonym o 8 km zak\u0142adem Tenscho rodzi si\u0119 grupa, w kt\u00f3rej mo\u017ce pracowa\u0107 nawet 800 os\u00f3b. Konkretnego planu sp\u00f3\u0142ki spodziewam si\u0119 pod koniec lipca &#8211; m\u00f3wi Teresa Kami\u0144ska, prezes PSSE.<\/p>\n","protected":false},"excerpt":{"rendered":"<p>W kwietniu Boryszew kupi\u0142 od japo\u0144skiego Tenscho fabryk\u0119 w Ostaszewie, czyli s\u0142ynnym Crystal Parku<span class=\"excerpt-hellip\"> [\u2026]<\/span><\/p>\n","protected":false},"author":1,"featured_media":0,"comment_status":"closed","ping_status":"closed","sticky":false,"template":"","format":"standard","meta":{"footnotes":""},"categories":[141,142],"tags":[],"_links":{"self":[{"href":"https:\/\/www.boryszew.com.pl\/en\/wp-json\/wp\/v2\/posts\/4900"}],"collection":[{"href":"https:\/\/www.boryszew.com.pl\/en\/wp-json\/wp\/v2\/posts"}],"about":[{"href":"https:\/\/www.boryszew.com.pl\/en\/wp-json\/wp\/v2\/types\/post"}],"author":[{"embeddable":true,"href":"https:\/\/www.boryszew.com.pl\/en\/wp-json\/wp\/v2\/users\/1"}],"replies":[{"embeddable":true,"href":"https:\/\/www.boryszew.com.pl\/en\/wp-json\/wp\/v2\/comments?post=4900"}],"version-history":[{"count":1,"href":"https:\/\/www.boryszew.com.pl\/en\/wp-json\/wp\/v2\/posts\/4900\/revisions"}],"predecessor-version":[{"id":7275,"href":"https:\/\/www.boryszew.com.pl\/en\/wp-json\/wp\/v2\/posts\/4900\/revisions\/7275"}],"wp:attachment":[{"href":"https:\/\/www.boryszew.com.pl\/en\/wp-json\/wp\/v2\/media?parent=4900"}],"wp:term":[{"taxonomy":"category","embeddable":true,"href":"https:\/\/www.boryszew.com.pl\/en\/wp-json\/wp\/v2\/categories?post=4900"},{"taxonomy":"post_tag","embeddable":true,"href":"https:\/\/www.boryszew.com.pl\/en\/wp-json\/wp\/v2\/tags?post=4900"}],"curies":[{"name":"wp","href":"https:\/\/api.w.org\/{rel}","templated":true}]}}