{"id":4904,"date":"2016-09-08T00:00:00","date_gmt":"2016-09-07T22:00:00","guid":{"rendered":"https:\/\/www.boryszew.com.pl\/08-09-2016-nowy-przemysl-boryszew-zmienia-prezesa-i-powieksza-zarzad\/"},"modified":"2020-05-20T13:43:59","modified_gmt":"2020-05-20T11:43:59","slug":"08-09-2016-nowy-przemysl-boryszew-zmienia-prezesa-i-powieksza-zarzad","status":"publish","type":"post","link":"https:\/\/www.boryszew.com.pl\/en\/08-09-2016-nowy-przemysl-boryszew-zmienia-prezesa-i-powieksza-zarzad\/","title":{"rendered":"08.09.2016 Nowy Przemys\u0142 Boryszew zmienia prezesa i powi\u0119ksza zarz\u0105d"},"content":{"rendered":"<p style=\"text-align: justify;\"><strong>Nowym prezesem Boryszewa zosta\u0142 Jaros\u0142aw Michniuk, a pe\u0142ni\u0105cy dotychczas t\u0105 funkcj\u0119 Piotr Szeliga b\u0119dzie dyrektorem ds. Segmentu Metali. Aleksander Bary\u015b zosta\u0142 dyrektorem finansowym Boryszewa. Nowa organizacja zarz\u0105du wchodzi w \u017cycie z pocz\u0105tkiem pa\u017adziernika.<\/strong><\/p>\n<p style=\"text-align: justify;\">&#8211; Poszerzenie sk\u0142adu zarz\u0105du Boryszewa podyktowane jest przede wszystkim dynamicznym wzrostem dzia\u0142alno\u015bci produkcyjnej i biznesowej za granic\u0105. W ci\u0105gu zaledwie kilku lat stali\u015bmy si\u0119 mi\u0119dzynarodowym koncernem z przychodami przekraczaj\u0105cymi miliard dolar\u00f3w. Naszym celem jest zachowanie dotychczasowego tempa rozwoju, konieczne jest wi\u0119c wzmocnienie struktur zarz\u0105dczych sp\u00f3\u0142ki &#8211; m\u00f3wi Janusz Siemieniec, przewodnicz\u0105cy Rady Nadzorczej Boryszew S.A.<\/p>\n","protected":false},"excerpt":{"rendered":"<p>Nowym prezesem Boryszewa zosta\u0142 Jaros\u0142aw Michniuk, a pe\u0142ni\u0105cy dotychczas t\u0105 funkcj\u0119 Piotr Szeliga b\u0119dzie<span class=\"excerpt-hellip\"> [\u2026]<\/span><\/p>\n","protected":false},"author":1,"featured_media":0,"comment_status":"closed","ping_status":"closed","sticky":false,"template":"","format":"standard","meta":{"footnotes":""},"categories":[141,142],"tags":[],"_links":{"self":[{"href":"https:\/\/www.boryszew.com.pl\/en\/wp-json\/wp\/v2\/posts\/4904"}],"collection":[{"href":"https:\/\/www.boryszew.com.pl\/en\/wp-json\/wp\/v2\/posts"}],"about":[{"href":"https:\/\/www.boryszew.com.pl\/en\/wp-json\/wp\/v2\/types\/post"}],"author":[{"embeddable":true,"href":"https:\/\/www.boryszew.com.pl\/en\/wp-json\/wp\/v2\/users\/1"}],"replies":[{"embeddable":true,"href":"https:\/\/www.boryszew.com.pl\/en\/wp-json\/wp\/v2\/comments?post=4904"}],"version-history":[{"count":1,"href":"https:\/\/www.boryszew.com.pl\/en\/wp-json\/wp\/v2\/posts\/4904\/revisions"}],"predecessor-version":[{"id":7212,"href":"https:\/\/www.boryszew.com.pl\/en\/wp-json\/wp\/v2\/posts\/4904\/revisions\/7212"}],"wp:attachment":[{"href":"https:\/\/www.boryszew.com.pl\/en\/wp-json\/wp\/v2\/media?parent=4904"}],"wp:term":[{"taxonomy":"category","embeddable":true,"href":"https:\/\/www.boryszew.com.pl\/en\/wp-json\/wp\/v2\/categories?post=4904"},{"taxonomy":"post_tag","embeddable":true,"href":"https:\/\/www.boryszew.com.pl\/en\/wp-json\/wp\/v2\/tags?post=4904"}],"curies":[{"name":"wp","href":"https:\/\/api.w.org\/{rel}","templated":true}]}}