{"id":4925,"date":"2018-05-18T00:00:00","date_gmt":"2018-05-17T22:00:00","guid":{"rendered":"https:\/\/www.boryszew.com.pl\/18-05-2018-pap-grupa-boryszew-planuje-w-18-przeznaczyc-na-inwestycje-320-350-mln-zl\/"},"modified":"2020-05-20T13:37:17","modified_gmt":"2020-05-20T11:37:17","slug":"18-05-2018-pap-grupa-boryszew-planuje-w-18-przeznaczyc-na-inwestycje-320-350-mln-zl","status":"publish","type":"post","link":"https:\/\/www.boryszew.com.pl\/en\/18-05-2018-pap-grupa-boryszew-planuje-w-18-przeznaczyc-na-inwestycje-320-350-mln-zl\/","title":{"rendered":"18.05.2018 PAP: Grupa Boryszew planuje w &#8217;18 przeznaczy\u0107 na inwestycje 320-350 mln z\u0142"},"content":{"rendered":"<p style=\"text-align: justify;\"><strong>Grupa Boryszew planuje w 2018 roku przeznaczy\u0107 na inwestycje kwot\u0119 320-350 mln z\u0142 &#8211; poinformowa\u0142 pe\u0142ni\u0105cy obowi\u0105zki prezesa sp\u00f3\u0142ki Piotr Szeliga. Z powodu du\u017cych plan\u00f3w rozwojowych zarz\u0105d Boryszewa b\u0119dzie rekomendowa\u0142 niewyp\u0142acanie dywidendy z zysku za 2018 rok.<\/strong><\/p>\n<p style=\"text-align: justify;\">&#8220;W 2017 roku nasz CAPEX wyni\u00f3s\u0142 193 mln z\u0142. W tym roku zak\u0142adamy jego znacz\u0105cy wzrost, do kwoty oko\u0142o 320-350 mln z\u0142&#8221; &#8211; powiedzia\u0142 na czwartkowym spotkaniu z analitykami i dziennikarzami p.o. prezesa Piotr Szeliga.<\/p>\n<p><a href=\"http:\/\/biznes.pap.pl\/pl\/news\/pap\/info\/2540448,grupa-boryszew-planuje-w--18-przeznaczyc-na-inwestycje-320-350-mln-zl\">wi\u0119cej<\/a><\/p>\n","protected":false},"excerpt":{"rendered":"<p>Grupa Boryszew planuje w 2018 roku przeznaczy\u0107 na inwestycje kwot\u0119 320-350 mln z\u0142 &#8211;<span class=\"excerpt-hellip\"> [\u2026]<\/span><\/p>\n","protected":false},"author":1,"featured_media":0,"comment_status":"closed","ping_status":"closed","sticky":false,"template":"","format":"standard","meta":{"footnotes":""},"categories":[141,142],"tags":[],"_links":{"self":[{"href":"https:\/\/www.boryszew.com.pl\/en\/wp-json\/wp\/v2\/posts\/4925"}],"collection":[{"href":"https:\/\/www.boryszew.com.pl\/en\/wp-json\/wp\/v2\/posts"}],"about":[{"href":"https:\/\/www.boryszew.com.pl\/en\/wp-json\/wp\/v2\/types\/post"}],"author":[{"embeddable":true,"href":"https:\/\/www.boryszew.com.pl\/en\/wp-json\/wp\/v2\/users\/1"}],"replies":[{"embeddable":true,"href":"https:\/\/www.boryszew.com.pl\/en\/wp-json\/wp\/v2\/comments?post=4925"}],"version-history":[{"count":1,"href":"https:\/\/www.boryszew.com.pl\/en\/wp-json\/wp\/v2\/posts\/4925\/revisions"}],"predecessor-version":[{"id":7168,"href":"https:\/\/www.boryszew.com.pl\/en\/wp-json\/wp\/v2\/posts\/4925\/revisions\/7168"}],"wp:attachment":[{"href":"https:\/\/www.boryszew.com.pl\/en\/wp-json\/wp\/v2\/media?parent=4925"}],"wp:term":[{"taxonomy":"category","embeddable":true,"href":"https:\/\/www.boryszew.com.pl\/en\/wp-json\/wp\/v2\/categories?post=4925"},{"taxonomy":"post_tag","embeddable":true,"href":"https:\/\/www.boryszew.com.pl\/en\/wp-json\/wp\/v2\/tags?post=4925"}],"curies":[{"name":"wp","href":"https:\/\/api.w.org\/{rel}","templated":true}]}}