{"id":4927,"date":"2018-05-18T00:00:00","date_gmt":"2018-05-17T22:00:00","guid":{"rendered":"https:\/\/www.boryszew.com.pl\/18-05-2018-puls-biznesu-boryszew-tym-razem-bez-prognoz\/"},"modified":"2020-05-20T13:37:30","modified_gmt":"2020-05-20T11:37:30","slug":"18-05-2018-puls-biznesu-boryszew-tym-razem-bez-prognoz","status":"publish","type":"post","link":"https:\/\/www.boryszew.com.pl\/en\/18-05-2018-puls-biznesu-boryszew-tym-razem-bez-prognoz\/","title":{"rendered":"18.05.2018 PULS BIZNESU: Boryszew tym razem bez prognoz"},"content":{"rendered":"<p style=\"text-align: justify;\"><strong>Grupa chce w tym roku wyda\u0107 na inwestycje 320-350 mln z\u0142. W zesz\u0142ym CAPEX mia\u0142 wynie\u015b\u0107 250-300 mln z\u0142, ostatecznie stan\u0119\u0142o na 193 mln z\u0142.<\/strong><\/p>\n<p style=\"text-align: justify;\">Zesz\u0142y rok kontrolowana przez Romana Karkosika Grupa Boryszew \u2014 zgodnie z prognozami zarz\u0105du \u2014 mia\u0142a wypracowa\u0107 prawie 540 mln EBITDA i 305,5 mln z\u0142 zysku netto. Oznacza\u0142oby to skok \u2014 odpowiednio \u2014 o 41 proc. i prawie 60 proc. w stosunku do wynik\u00f3w wypracowanych w 2016 r. Nie uda\u0142o si\u0119. Ostatecznie skonsolidowana EBITDA wynios\u0142a 469 mln z\u0142, za\u015b czysty zarobek \u2014 204 mln z\u0142. Grupa odnotowa\u0142a wi\u0119c wzrost, ale by\u0142 on znacznie skromniejszy, ni\u017c prognozowano. Przychody (ich prognoz nie publikowano) grupy wzros\u0142y w stosunku do 2016 r. o 11 proc. i si\u0119gn\u0119\u0142y 6,29 mld z\u0142.<\/p>\n<p><a href=\"https:\/\/www.pb.pl\/boryszew-tym-razem-bez-prognoz-929762\">wi\u0119cej<\/a><\/p>\n","protected":false},"excerpt":{"rendered":"<p>Grupa chce w tym roku wyda\u0107 na inwestycje 320-350 mln z\u0142. W zesz\u0142ym CAPEX<span class=\"excerpt-hellip\"> [\u2026]<\/span><\/p>\n","protected":false},"author":1,"featured_media":0,"comment_status":"closed","ping_status":"closed","sticky":false,"template":"","format":"standard","meta":{"footnotes":""},"categories":[141,142],"tags":[],"_links":{"self":[{"href":"https:\/\/www.boryszew.com.pl\/en\/wp-json\/wp\/v2\/posts\/4927"}],"collection":[{"href":"https:\/\/www.boryszew.com.pl\/en\/wp-json\/wp\/v2\/posts"}],"about":[{"href":"https:\/\/www.boryszew.com.pl\/en\/wp-json\/wp\/v2\/types\/post"}],"author":[{"embeddable":true,"href":"https:\/\/www.boryszew.com.pl\/en\/wp-json\/wp\/v2\/users\/1"}],"replies":[{"embeddable":true,"href":"https:\/\/www.boryszew.com.pl\/en\/wp-json\/wp\/v2\/comments?post=4927"}],"version-history":[{"count":1,"href":"https:\/\/www.boryszew.com.pl\/en\/wp-json\/wp\/v2\/posts\/4927\/revisions"}],"predecessor-version":[{"id":7170,"href":"https:\/\/www.boryszew.com.pl\/en\/wp-json\/wp\/v2\/posts\/4927\/revisions\/7170"}],"wp:attachment":[{"href":"https:\/\/www.boryszew.com.pl\/en\/wp-json\/wp\/v2\/media?parent=4927"}],"wp:term":[{"taxonomy":"category","embeddable":true,"href":"https:\/\/www.boryszew.com.pl\/en\/wp-json\/wp\/v2\/categories?post=4927"},{"taxonomy":"post_tag","embeddable":true,"href":"https:\/\/www.boryszew.com.pl\/en\/wp-json\/wp\/v2\/tags?post=4927"}],"curies":[{"name":"wp","href":"https:\/\/api.w.org\/{rel}","templated":true}]}}