{"id":4930,"date":"2019-10-02T00:00:00","date_gmt":"2019-10-01T22:00:00","guid":{"rendered":"https:\/\/www.boryszew.com.pl\/18-09-2019-puls-biznesu-boryszew-spoglada-na-wschod\/"},"modified":"2020-05-20T13:20:25","modified_gmt":"2020-05-20T11:20:25","slug":"18-09-2019-puls-biznesu-boryszew-spoglada-na-wschod","status":"publish","type":"post","link":"https:\/\/www.boryszew.com.pl\/en\/18-09-2019-puls-biznesu-boryszew-spoglada-na-wschod\/","title":{"rendered":"18.09.2019 Puls Biznesu: Boryszew spogl\u0105da na Wsch\u00f3d"},"content":{"rendered":"<p style=\"text-align: justify;\"><strong>Firm\u0119 Romana Karkosika czeka pracowity koniec roku. Ma zako\u0144czy\u0107 \u201eprzegl\u0105d opcji strategicznych\u201d i zdecydowa\u0107 o inwestycjach w Chinach i Rosji.<\/strong><\/p>\n<p style=\"text-align: justify;\">Boryszew rozwa\u017ca przeniesienie i rozbudow\u0119 fabryki akcesori\u00f3w motoryzacyjnych w Chinach. Ostateczna decyzja ma zapa\u015b\u0107 pod koniec roku, a zale\u017ce\u0107 b\u0119dzie od uzyskania nowych tzw. nominacji, czyli zam\u00f3wie\u0144 od chi\u0144skiego producent\u00f3w samochod\u00f3w. Boryszew nie ujawnia, o jak\u0105 firm\u0119 chodzi.<\/p>\n<p style=\"text-align: justify;\">&#8211; Jest du\u017ca szansa, \u017ce otrzymamy te nominacje \u2014 m\u00f3wi Piotr Lisiecki, prezes Boryszewa.<\/p>\n<p style=\"text-align: justify;\"><a href=\"https:\/\/www.pb.pl\/boryszew-spoglada-na-wschod-970720\">Wi\u0119cej<\/a><\/p>\n","protected":false},"excerpt":{"rendered":"<p>Firm\u0119 Romana Karkosika czeka pracowity koniec roku. Ma zako\u0144czy\u0107 \u201eprzegl\u0105d opcji strategicznych\u201d i zdecydowa\u0107<span class=\"excerpt-hellip\"> [\u2026]<\/span><\/p>\n","protected":false},"author":1,"featured_media":0,"comment_status":"closed","ping_status":"closed","sticky":false,"template":"","format":"standard","meta":{"footnotes":""},"categories":[141,142],"tags":[],"_links":{"self":[{"href":"https:\/\/www.boryszew.com.pl\/en\/wp-json\/wp\/v2\/posts\/4930"}],"collection":[{"href":"https:\/\/www.boryszew.com.pl\/en\/wp-json\/wp\/v2\/posts"}],"about":[{"href":"https:\/\/www.boryszew.com.pl\/en\/wp-json\/wp\/v2\/types\/post"}],"author":[{"embeddable":true,"href":"https:\/\/www.boryszew.com.pl\/en\/wp-json\/wp\/v2\/users\/1"}],"replies":[{"embeddable":true,"href":"https:\/\/www.boryszew.com.pl\/en\/wp-json\/wp\/v2\/comments?post=4930"}],"version-history":[{"count":1,"href":"https:\/\/www.boryszew.com.pl\/en\/wp-json\/wp\/v2\/posts\/4930\/revisions"}],"predecessor-version":[{"id":7142,"href":"https:\/\/www.boryszew.com.pl\/en\/wp-json\/wp\/v2\/posts\/4930\/revisions\/7142"}],"wp:attachment":[{"href":"https:\/\/www.boryszew.com.pl\/en\/wp-json\/wp\/v2\/media?parent=4930"}],"wp:term":[{"taxonomy":"category","embeddable":true,"href":"https:\/\/www.boryszew.com.pl\/en\/wp-json\/wp\/v2\/categories?post=4930"},{"taxonomy":"post_tag","embeddable":true,"href":"https:\/\/www.boryszew.com.pl\/en\/wp-json\/wp\/v2\/tags?post=4930"}],"curies":[{"name":"wp","href":"https:\/\/api.w.org\/{rel}","templated":true}]}}