{"id":4934,"date":"2017-04-20T00:00:00","date_gmt":"2017-04-19T22:00:00","guid":{"rendered":"https:\/\/www.boryszew.com.pl\/19-04-2017-rzeczpospolita-boryszew-otworzyl-fabryke-w-prenzlau\/"},"modified":"2020-05-20T13:40:20","modified_gmt":"2020-05-20T11:40:20","slug":"19-04-2017-rzeczpospolita-boryszew-otworzyl-fabryke-w-prenzlau","status":"publish","type":"post","link":"https:\/\/www.boryszew.com.pl\/en\/19-04-2017-rzeczpospolita-boryszew-otworzyl-fabryke-w-prenzlau\/","title":{"rendered":"19.04.2017 Rzeczpospolita: Boryszew otworzy\u0142 fabryk\u0119 w Prenzlau"},"content":{"rendered":"<p style=\"text-align: justify;\">Przemys\u0142owy koncern odbudowa\u0142 jeden z najwa\u017cniejszych dla ramienia motoryzacyjnego zak\u0142ad\u00f3w.<\/p>\n<p style=\"text-align: justify;\">Kontrolowany przez miliardera Romana Karkosika Boryszew oficjalnie otworzy\u0142 zak\u0142ad produkcji chromowanych samochodowych komponent\u00f3w z tworzyw sztucznych, odbudowany i znacznie rozbudowany po po\u017carze w 2014 r. Nowa fabryka powsta\u0142a w tym samym miejscu, niedaleko granicy z Polsk\u0105, ze wzgl\u0119du na know-how i do\u015bwiadczenie pracownik\u00f3w &#8211; komponenty galwanizowane zapewniaj\u0105 wy\u017csze mar\u017ce ni\u017c standardowe wyroby.<\/p>\n<p style=\"text-align: justify;\"><a href=\"http:\/\/www.rp.pl\/Motoryzacja\/170418969-Boryszew-otworzyl-fabryke-w-Prenzlau.html#ap-1\">wi\u0119cej<\/a><\/p>\n","protected":false},"excerpt":{"rendered":"<p>Przemys\u0142owy koncern odbudowa\u0142 jeden z najwa\u017cniejszych dla ramienia motoryzacyjnego zak\u0142ad\u00f3w. Kontrolowany przez miliardera Romana<span class=\"excerpt-hellip\"> [\u2026]<\/span><\/p>\n","protected":false},"author":1,"featured_media":0,"comment_status":"closed","ping_status":"closed","sticky":false,"template":"","format":"standard","meta":{"footnotes":""},"categories":[141,142],"tags":[],"_links":{"self":[{"href":"https:\/\/www.boryszew.com.pl\/en\/wp-json\/wp\/v2\/posts\/4934"}],"collection":[{"href":"https:\/\/www.boryszew.com.pl\/en\/wp-json\/wp\/v2\/posts"}],"about":[{"href":"https:\/\/www.boryszew.com.pl\/en\/wp-json\/wp\/v2\/types\/post"}],"author":[{"embeddable":true,"href":"https:\/\/www.boryszew.com.pl\/en\/wp-json\/wp\/v2\/users\/1"}],"replies":[{"embeddable":true,"href":"https:\/\/www.boryszew.com.pl\/en\/wp-json\/wp\/v2\/comments?post=4934"}],"version-history":[{"count":1,"href":"https:\/\/www.boryszew.com.pl\/en\/wp-json\/wp\/v2\/posts\/4934\/revisions"}],"predecessor-version":[{"id":7200,"href":"https:\/\/www.boryszew.com.pl\/en\/wp-json\/wp\/v2\/posts\/4934\/revisions\/7200"}],"wp:attachment":[{"href":"https:\/\/www.boryszew.com.pl\/en\/wp-json\/wp\/v2\/media?parent=4934"}],"wp:term":[{"taxonomy":"category","embeddable":true,"href":"https:\/\/www.boryszew.com.pl\/en\/wp-json\/wp\/v2\/categories?post=4934"},{"taxonomy":"post_tag","embeddable":true,"href":"https:\/\/www.boryszew.com.pl\/en\/wp-json\/wp\/v2\/tags?post=4934"}],"curies":[{"name":"wp","href":"https:\/\/api.w.org\/{rel}","templated":true}]}}