{"id":4946,"date":"2018-11-27T00:00:00","date_gmt":"2018-11-26T23:00:00","guid":{"rendered":"https:\/\/www.boryszew.com.pl\/22-11-2018-wnp-pl-w-przyszlym-roku-boryszew-uruchomi-produkcje-dla-samochodow-elektrycznych\/"},"modified":"2020-05-20T13:35:59","modified_gmt":"2020-05-20T11:35:59","slug":"22-11-2018-wnp-pl-w-przyszlym-roku-boryszew-uruchomi-produkcje-dla-samochodow-elektrycznych","status":"publish","type":"post","link":"https:\/\/www.boryszew.com.pl\/en\/22-11-2018-wnp-pl-w-przyszlym-roku-boryszew-uruchomi-produkcje-dla-samochodow-elektrycznych\/","title":{"rendered":"22.11.2018 WNP.PL: W PRZYSZ\u0141YM ROKU BORYSZEW URUCHOMI PRODUKCJ\u0118 DLA SAMOCHOD\u00d3W ELEKTRYCZNYCH"},"content":{"rendered":"<p style=\"text-align: justify;\"><strong>Ju\u017c w 2019 r. mamy w planach start produkcji seryjnej do samochod\u00f3w elektrycznych &#8211; powiedzia\u0142 Cezary Pyszkowski, cz\u0142onek zarz\u0105du Boryszewa odpowiedzialny za segment motoryzacyjny.<\/strong><\/p>\n<ul>\n<li>Volkswagen inwestuje w centra elektromobilno\u015bci, kt\u00f3re powstaj\u0105 blisko zak\u0142ad\u00f3w Boryszewa.<\/li>\n<li>Elektromobilno\u015b\u0107 mo\u017ce by\u0107 tak\u017ce szans\u0105 dla zak\u0142ad\u00f3w produkuj\u0105cych aluminium.<\/li>\n<li>Wprowadzenie normy WLTP spowodowa\u0142o obni\u017cenie przychod\u00f3w motoryzacyjnej cz\u0119\u015bci Boryszewa o 57 mln z\u0142.<\/li>\n<\/ul>\n<p style=\"text-align: justify;\"><a href=\"https:\/\/motoryzacja.wnp.pl\/w-przyszlym-roku-boryszew-uruchomi-produkcje-dla-samochodow-elektrycznych,334848_1_0_0.html\">Wi\u0119cej<\/a><\/p>\n","protected":false},"excerpt":{"rendered":"<p>Ju\u017c w 2019 r. mamy w planach start produkcji seryjnej do samochod\u00f3w elektrycznych &#8211;<span class=\"excerpt-hellip\"> [\u2026]<\/span><\/p>\n","protected":false},"author":1,"featured_media":0,"comment_status":"closed","ping_status":"closed","sticky":false,"template":"","format":"standard","meta":{"footnotes":""},"categories":[141,142],"tags":[],"_links":{"self":[{"href":"https:\/\/www.boryszew.com.pl\/en\/wp-json\/wp\/v2\/posts\/4946"}],"collection":[{"href":"https:\/\/www.boryszew.com.pl\/en\/wp-json\/wp\/v2\/posts"}],"about":[{"href":"https:\/\/www.boryszew.com.pl\/en\/wp-json\/wp\/v2\/types\/post"}],"author":[{"embeddable":true,"href":"https:\/\/www.boryszew.com.pl\/en\/wp-json\/wp\/v2\/users\/1"}],"replies":[{"embeddable":true,"href":"https:\/\/www.boryszew.com.pl\/en\/wp-json\/wp\/v2\/comments?post=4946"}],"version-history":[{"count":1,"href":"https:\/\/www.boryszew.com.pl\/en\/wp-json\/wp\/v2\/posts\/4946\/revisions"}],"predecessor-version":[{"id":7156,"href":"https:\/\/www.boryszew.com.pl\/en\/wp-json\/wp\/v2\/posts\/4946\/revisions\/7156"}],"wp:attachment":[{"href":"https:\/\/www.boryszew.com.pl\/en\/wp-json\/wp\/v2\/media?parent=4946"}],"wp:term":[{"taxonomy":"category","embeddable":true,"href":"https:\/\/www.boryszew.com.pl\/en\/wp-json\/wp\/v2\/categories?post=4946"},{"taxonomy":"post_tag","embeddable":true,"href":"https:\/\/www.boryszew.com.pl\/en\/wp-json\/wp\/v2\/tags?post=4946"}],"curies":[{"name":"wp","href":"https:\/\/api.w.org\/{rel}","templated":true}]}}