{"id":4947,"date":"2018-11-27T00:00:00","date_gmt":"2018-11-26T23:00:00","guid":{"rendered":"https:\/\/www.boryszew.com.pl\/22-11-2018-wyborcza-biz-boryszew-widzi-optymistyczna-perspektywe-dla-segm-motoryzacji-od-i-kw-2019-r\/"},"modified":"2020-05-20T13:36:31","modified_gmt":"2020-05-20T11:36:31","slug":"22-11-2018-wyborcza-biz-boryszew-widzi-optymistyczna-perspektywe-dla-segm-motoryzacji-od-i-kw-2019-r","status":"publish","type":"post","link":"https:\/\/www.boryszew.com.pl\/en\/22-11-2018-wyborcza-biz-boryszew-widzi-optymistyczna-perspektywe-dla-segm-motoryzacji-od-i-kw-2019-r\/","title":{"rendered":"22.11.2018 WYBORCZA.BIZ: BORYSZEW WIDZI OPTYMISTYCZN\u0104 PERSPEKTYW\u0118 DLA SEGM. MOTORYZACJI OD I KW. 2019 R."},"content":{"rendered":"<p style=\"text-align: justify;\"><strong>Warszawa, 22.11.2018 (ISBnews) &#8211; Boryszew optymistycznie patrzy na mo\u017cliwo\u015bci wzrostu sprzeda\u017cy w segmencie motoryzacji od I kw. 2019 r. w zwi\u0105zku z uzyskaniem nowej certyfikacji przez producent\u00f3w samochod\u00f3w, poinformowa\u0142 cz\u0142onek zarz\u0105du Cezary Pyszkowski.<br \/>\n<\/strong><\/p>\n<p style=\"text-align: justify;\">&#8220;W IV kw. b\u0119dziemy odczuwali jeszcze wp\u0142yw zmian certyfikacji na rynku. Nie mamy precyzyjnych informacji, ale oczekuj\u0119, \u017ce produkcja [samochod\u00f3w] w IV kw. b\u0119dzie ni\u017csza od pierwotnie oczekiwanej&#8221; &#8211; powiedzia\u0142 Pyszkowski podczas konferencji prasowej.<\/p>\n<p style=\"text-align: justify;\">Boryszew zak\u0142ada, \u017ce produkcja wr\u00f3ci do wy\u017cszych poziom\u00f3w od nowego roku, co prze\u0142o\u017cy si\u0119 na zam\u00f3wienia dla sp\u00f3\u0142ek z jego grupy kapita\u0142owej.<\/p>\n<p style=\"text-align: justify;\"><a href=\"http:\/\/wyborcza.biz\/Gieldy\/1,132329,24199199,boryszew-widzi-optymistyczna-perspektywe-dla-segm-motoryzacji.html\">Wi\u0119cej\u00a0<\/a><\/p>\n","protected":false},"excerpt":{"rendered":"<p>Warszawa, 22.11.2018 (ISBnews) &#8211; Boryszew optymistycznie patrzy na mo\u017cliwo\u015bci wzrostu sprzeda\u017cy w segmencie motoryzacji<span class=\"excerpt-hellip\"> [\u2026]<\/span><\/p>\n","protected":false},"author":1,"featured_media":0,"comment_status":"closed","ping_status":"closed","sticky":false,"template":"","format":"standard","meta":{"footnotes":""},"categories":[141,142],"tags":[],"_links":{"self":[{"href":"https:\/\/www.boryszew.com.pl\/en\/wp-json\/wp\/v2\/posts\/4947"}],"collection":[{"href":"https:\/\/www.boryszew.com.pl\/en\/wp-json\/wp\/v2\/posts"}],"about":[{"href":"https:\/\/www.boryszew.com.pl\/en\/wp-json\/wp\/v2\/types\/post"}],"author":[{"embeddable":true,"href":"https:\/\/www.boryszew.com.pl\/en\/wp-json\/wp\/v2\/users\/1"}],"replies":[{"embeddable":true,"href":"https:\/\/www.boryszew.com.pl\/en\/wp-json\/wp\/v2\/comments?post=4947"}],"version-history":[{"count":1,"href":"https:\/\/www.boryszew.com.pl\/en\/wp-json\/wp\/v2\/posts\/4947\/revisions"}],"predecessor-version":[{"id":7160,"href":"https:\/\/www.boryszew.com.pl\/en\/wp-json\/wp\/v2\/posts\/4947\/revisions\/7160"}],"wp:attachment":[{"href":"https:\/\/www.boryszew.com.pl\/en\/wp-json\/wp\/v2\/media?parent=4947"}],"wp:term":[{"taxonomy":"category","embeddable":true,"href":"https:\/\/www.boryszew.com.pl\/en\/wp-json\/wp\/v2\/categories?post=4947"},{"taxonomy":"post_tag","embeddable":true,"href":"https:\/\/www.boryszew.com.pl\/en\/wp-json\/wp\/v2\/tags?post=4947"}],"curies":[{"name":"wp","href":"https:\/\/api.w.org\/{rel}","templated":true}]}}