{"id":4949,"date":"2016-05-24T00:00:00","date_gmt":"2016-05-23T22:00:00","guid":{"rendered":"https:\/\/www.boryszew.com.pl\/23-03-2016-parkiet-zarzad-oczekuje-mocnej-poprawy-segmentu-motoryzacyjnego\/"},"modified":"2020-05-20T13:57:47","modified_gmt":"2020-05-20T11:57:47","slug":"23-03-2016-parkiet-zarzad-oczekuje-mocnej-poprawy-segmentu-motoryzacyjnego","status":"publish","type":"post","link":"https:\/\/www.boryszew.com.pl\/en\/23-03-2016-parkiet-zarzad-oczekuje-mocnej-poprawy-segmentu-motoryzacyjnego\/","title":{"rendered":"23.03.2016 Parkiet: Zarz\u0105d oczekuje mocnej poprawy segmentu motoryzacyjnego."},"content":{"rendered":"<p style=\"text-align: justify;\">&#8230;Prezes Boryszewa Piotr Szeliga oczekuje, \u017ce segment motoryzacyjny grupy \u2013 produkuj\u0105cy komponenty z plastiku i przewody do klimatyzacji \u2013 w tym roku znacz\u0105co poprawi wynik wobec nieudanego 2015 r. Wtedy segment poni\u00f3s\u0142 22,5 mln z\u0142 straty operacyjnej wobec 27 mln z\u0142 na plusie rok wcze\u015bniej. O ile w I kwartale ub.r.biznes przyni\u00f3s\u0142 8,4 mln z\u0142 zysku operacyjnego, o tyle p\u00f3\u017aniej z kwarta\u0142u na kwarta\u0142 wynik si\u0119 pogarsza\u0142.<br \/>\nZarz\u0105d oczekuje, \u017ce wynik operacyjny poprawi si\u0119 o 50\u201360 mln z\u0142 wobec 2015 r., czyli \u017ce zysk wyniesie 27,5\u201337,5mln z\u0142.\u00a0\u2013 Wyj\u015bcie na zero by\u0142oby pora\u017ck\u0105 \u2013 skwitowa\u0142 Szeliga&#8230;.<\/p>\n<p style=\"text-align: justify;\">wi\u0119cej<\/p>\n","protected":false},"excerpt":{"rendered":"<p>&#8230;Prezes Boryszewa Piotr Szeliga oczekuje, \u017ce segment motoryzacyjny grupy \u2013 produkuj\u0105cy komponenty z plastiku<span class=\"excerpt-hellip\"> [\u2026]<\/span><\/p>\n","protected":false},"author":1,"featured_media":0,"comment_status":"closed","ping_status":"closed","sticky":false,"template":"","format":"standard","meta":{"footnotes":""},"categories":[141,142],"tags":[],"_links":{"self":[{"href":"https:\/\/www.boryszew.com.pl\/en\/wp-json\/wp\/v2\/posts\/4949"}],"collection":[{"href":"https:\/\/www.boryszew.com.pl\/en\/wp-json\/wp\/v2\/posts"}],"about":[{"href":"https:\/\/www.boryszew.com.pl\/en\/wp-json\/wp\/v2\/types\/post"}],"author":[{"embeddable":true,"href":"https:\/\/www.boryszew.com.pl\/en\/wp-json\/wp\/v2\/users\/1"}],"replies":[{"embeddable":true,"href":"https:\/\/www.boryszew.com.pl\/en\/wp-json\/wp\/v2\/comments?post=4949"}],"version-history":[{"count":1,"href":"https:\/\/www.boryszew.com.pl\/en\/wp-json\/wp\/v2\/posts\/4949\/revisions"}],"predecessor-version":[{"id":7230,"href":"https:\/\/www.boryszew.com.pl\/en\/wp-json\/wp\/v2\/posts\/4949\/revisions\/7230"}],"wp:attachment":[{"href":"https:\/\/www.boryszew.com.pl\/en\/wp-json\/wp\/v2\/media?parent=4949"}],"wp:term":[{"taxonomy":"category","embeddable":true,"href":"https:\/\/www.boryszew.com.pl\/en\/wp-json\/wp\/v2\/categories?post=4949"},{"taxonomy":"post_tag","embeddable":true,"href":"https:\/\/www.boryszew.com.pl\/en\/wp-json\/wp\/v2\/tags?post=4949"}],"curies":[{"name":"wp","href":"https:\/\/api.w.org\/{rel}","templated":true}]}}