{"id":4950,"date":"2018-11-27T00:00:00","date_gmt":"2018-11-26T23:00:00","guid":{"rendered":"https:\/\/www.boryszew.com.pl\/23-11-2018-parkiet-w-planach-czesci-do-aut-elektrycznych\/"},"modified":"2020-05-20T13:35:40","modified_gmt":"2020-05-20T11:35:40","slug":"23-11-2018-parkiet-w-planach-czesci-do-aut-elektrycznych","status":"publish","type":"post","link":"https:\/\/www.boryszew.com.pl\/en\/23-11-2018-parkiet-w-planach-czesci-do-aut-elektrycznych\/","title":{"rendered":"23.11.2018 PARKIET: W PLANACH CZ\u0118\u015aCI DO AUT ELEKTRYCZNYCH"},"content":{"rendered":"<p style=\"text-align: justify;\">Zarz\u0105d przemys\u0142owej grupy specjalizuj\u0105cej si\u0119 w produkcji komponent\u00f3w do samochod\u00f3w zwr\u00f3ci\u0142 uwag\u0119 na znacz\u0105cy spadek produkcji aut w Europie w ostatnich miesi\u0105cach w zwi\u0105zku z wprowadzeniem od wrze\u015bnia nowych norm emisji spalin, co negatywnie wp\u0142yn\u0119\u0142o na wyniki grupy. Negatywny wp\u0142yw na przychody tego czynnika grupa szacuje na 57 mln z\u0142. &#8211; W IV kwartale b\u0119dziemy odczuwali jeszcze wp\u0142yw zmian certyfikacji na rynku nowych aut. Nie posiadamy precyzyjnych informacji, ale oczekuj\u0119, \u017ce produkcja w tym okresie b\u0119dzie ni\u017csza od pierwotnie oczekiwanej &#8211; uwa\u017ca Cezary Pyszkowski, cz\u0142onek zarz\u0105du Boryszewa. Jednocze\u015bnie liczy, \u017ce od I kwarta\u0142u 2019 roku produkcja wr\u00f3ci do wy\u017cszych poziom\u00f3w, co prze\u0142o\u017cy si\u0119 na poziom zam\u00f3wie\u0144 dla sp\u00f3\u0142ek z grupy.<\/p>\n<p style=\"text-align: justify;\">Boryszew dostrzega du\u017cy potencja\u0142 w rynku aut elektrycznych. Dlatego w 2019 roku planuje rozpocz\u0119cie seryjnej produkcji cz\u0119\u015bci do tych samochod\u00f3w. &#8211; Wszyscy znacz\u0105cy producenci zaczynaj\u0105 inwestowa\u0107 w rozw\u00f3j samochod\u00f3w elektrycznych. Volkswagen inwestuje w centra elektromobilno\u015bci, kt\u00f3re powstaj\u0105 blisko naszych zak\u0142ad\u00f3w, gdzie b\u0119dziemy jednym z beneficjent\u00f3w tej nowej strategii. Pozyskali\u015bmy ju\u017c pierwsze nominacje &#8211; poinformowa\u0142 Piotr Lisiecki, prezes Boryszewa.<\/p>\n","protected":false},"excerpt":{"rendered":"<p>Zarz\u0105d przemys\u0142owej grupy specjalizuj\u0105cej si\u0119 w produkcji komponent\u00f3w do samochod\u00f3w zwr\u00f3ci\u0142 uwag\u0119 na znacz\u0105cy<span class=\"excerpt-hellip\"> [\u2026]<\/span><\/p>\n","protected":false},"author":1,"featured_media":0,"comment_status":"closed","ping_status":"closed","sticky":false,"template":"","format":"standard","meta":{"footnotes":""},"categories":[141,142],"tags":[],"_links":{"self":[{"href":"https:\/\/www.boryszew.com.pl\/en\/wp-json\/wp\/v2\/posts\/4950"}],"collection":[{"href":"https:\/\/www.boryszew.com.pl\/en\/wp-json\/wp\/v2\/posts"}],"about":[{"href":"https:\/\/www.boryszew.com.pl\/en\/wp-json\/wp\/v2\/types\/post"}],"author":[{"embeddable":true,"href":"https:\/\/www.boryszew.com.pl\/en\/wp-json\/wp\/v2\/users\/1"}],"replies":[{"embeddable":true,"href":"https:\/\/www.boryszew.com.pl\/en\/wp-json\/wp\/v2\/comments?post=4950"}],"version-history":[{"count":1,"href":"https:\/\/www.boryszew.com.pl\/en\/wp-json\/wp\/v2\/posts\/4950\/revisions"}],"predecessor-version":[{"id":7154,"href":"https:\/\/www.boryszew.com.pl\/en\/wp-json\/wp\/v2\/posts\/4950\/revisions\/7154"}],"wp:attachment":[{"href":"https:\/\/www.boryszew.com.pl\/en\/wp-json\/wp\/v2\/media?parent=4950"}],"wp:term":[{"taxonomy":"category","embeddable":true,"href":"https:\/\/www.boryszew.com.pl\/en\/wp-json\/wp\/v2\/categories?post=4950"},{"taxonomy":"post_tag","embeddable":true,"href":"https:\/\/www.boryszew.com.pl\/en\/wp-json\/wp\/v2\/tags?post=4950"}],"curies":[{"name":"wp","href":"https:\/\/api.w.org\/{rel}","templated":true}]}}