{"id":4976,"date":"2019-05-31T00:00:00","date_gmt":"2019-05-30T22:00:00","guid":{"rendered":"https:\/\/www.boryszew.com.pl\/30-05-2019-money-pl-boryszew-mysli-o-wyjsciu-z-plynem-borygo-poza-polske-i-europe\/"},"modified":"2020-05-20T13:33:53","modified_gmt":"2020-05-20T11:33:53","slug":"30-05-2019-money-pl-boryszew-mysli-o-wyjsciu-z-plynem-borygo-poza-polske-i-europe","status":"publish","type":"post","link":"https:\/\/www.boryszew.com.pl\/en\/30-05-2019-money-pl-boryszew-mysli-o-wyjsciu-z-plynem-borygo-poza-polske-i-europe\/","title":{"rendered":"30.05.2019 money.pl: Boryszew my\u015bli o wyj\u015bciu z p\u0142ynem Borygo poza Polsk\u0119 i Europ\u0119"},"content":{"rendered":"<p style=\"text-align: justify;\"><strong>Boryszew planuje w najbli\u017cszych tygodniach podpisa\u0107 umow\u0119 dotycz\u0105c\u0105 wyj\u015bcia z p\u0142ynem Borygo poza Europ\u0119, poinformowa\u0142 prezes sp\u00f3\u0142ki Piotr Lisiecki.<\/strong><\/p>\n<p>\u201eStaramy si\u0119 wychodzi\u0107 z p\u0142ynem Borygo poza Polsk\u0119 i Europ\u0119, w najbli\u017cszych dniach lub tygodniach, a na pewno w czerwcu, podpiszemy umow\u0119 w tej sprawie&#8221; &#8211; zapowiedzia\u0142 Lisiecki na konferencji prasowej.<\/p>\n<p style=\"text-align: justify;\">Podkre\u015bli\u0142, \u017ce z punktu widzenia ca\u0142ej grupy nie b\u0119dzie to znacz\u0105ca umowa, ale dla zak\u0142adu ERG Sochaczew b\u0119dzie to istotny element dywersyfikacji geograficznej.<\/p>\n<p style=\"text-align: justify;\"><a href=\"https:\/\/www.money.pl\/gielda\/boryszew-mysli-o-wyjsciu-z-plynem-borygo-poza-polske-i-europe-6386531466512001a.html\">Wi\u0119cej<\/a><\/p>\n","protected":false},"excerpt":{"rendered":"<p>Boryszew planuje w najbli\u017cszych tygodniach podpisa\u0107 umow\u0119 dotycz\u0105c\u0105 wyj\u015bcia z p\u0142ynem Borygo poza Europ\u0119,<span class=\"excerpt-hellip\"> [\u2026]<\/span><\/p>\n","protected":false},"author":1,"featured_media":0,"comment_status":"closed","ping_status":"closed","sticky":false,"template":"","format":"standard","meta":{"footnotes":""},"categories":[141,142],"tags":[],"_links":{"self":[{"href":"https:\/\/www.boryszew.com.pl\/en\/wp-json\/wp\/v2\/posts\/4976"}],"collection":[{"href":"https:\/\/www.boryszew.com.pl\/en\/wp-json\/wp\/v2\/posts"}],"about":[{"href":"https:\/\/www.boryszew.com.pl\/en\/wp-json\/wp\/v2\/types\/post"}],"author":[{"embeddable":true,"href":"https:\/\/www.boryszew.com.pl\/en\/wp-json\/wp\/v2\/users\/1"}],"replies":[{"embeddable":true,"href":"https:\/\/www.boryszew.com.pl\/en\/wp-json\/wp\/v2\/comments?post=4976"}],"version-history":[{"count":1,"href":"https:\/\/www.boryszew.com.pl\/en\/wp-json\/wp\/v2\/posts\/4976\/revisions"}],"predecessor-version":[{"id":7146,"href":"https:\/\/www.boryszew.com.pl\/en\/wp-json\/wp\/v2\/posts\/4976\/revisions\/7146"}],"wp:attachment":[{"href":"https:\/\/www.boryszew.com.pl\/en\/wp-json\/wp\/v2\/media?parent=4976"}],"wp:term":[{"taxonomy":"category","embeddable":true,"href":"https:\/\/www.boryszew.com.pl\/en\/wp-json\/wp\/v2\/categories?post=4976"},{"taxonomy":"post_tag","embeddable":true,"href":"https:\/\/www.boryszew.com.pl\/en\/wp-json\/wp\/v2\/tags?post=4976"}],"curies":[{"name":"wp","href":"https:\/\/api.w.org\/{rel}","templated":true}]}}