{"id":4983,"date":"2017-09-11T00:00:00","date_gmt":"2017-09-10T22:00:00","guid":{"rendered":"https:\/\/www.boryszew.com.pl\/31-08-2017-wyborcza-biz-boryszew-przygotowuje-nowy-program-inwestycyjny-dla-impexmetalu\/"},"modified":"2020-05-20T13:39:19","modified_gmt":"2020-05-20T11:39:19","slug":"31-08-2017-wyborcza-biz-boryszew-przygotowuje-nowy-program-inwestycyjny-dla-impexmetalu","status":"publish","type":"post","link":"https:\/\/www.boryszew.com.pl\/en\/31-08-2017-wyborcza-biz-boryszew-przygotowuje-nowy-program-inwestycyjny-dla-impexmetalu\/","title":{"rendered":"31.08.2017 WYBORCZA.BIZ: Boryszew przygotowuje nowy program inwestycyjny dla Impexmetalu"},"content":{"rendered":"<p><strong>Boryszew przygotowuje nowy program inwestycyjny dla Impexmetalu &#8211; ma on pozwoli\u0107 na wzrost mocy produkcyjnych i wzrost mar\u017c, poinformowa\u0142 prezes Jaros\u0142aw Michniuk.<\/strong><\/p>\n<p>&#8220;Przygotowujemy wnioski dot. nowego programu inwestycyjnego Impexmetalu. Kiedy\u015b m\u00f3wili\u015bmy o projekcie inwestycji rz\u0119du 300 mln z\u0142, kt\u00f3ra pozwoli na zwi\u0119kszenie mocy produkcyjnych do 150 tys. ton. Priorytetem dla Impexmetalu jest wzrost mar\u017cy, na przyk\u0142ad dzi\u0119ki zapewnieniu sobie produkcji aluminium wysokostopowego. O szczeg\u00f3\u0142ach chcemy jednak powiedzie\u0107, gdy program i jego za\u0142o\u017cenia b\u0119dzie gotowy&#8221; \u2013 powiedzia\u0142 Michniuk podczas konferencji prasowej.<\/p>\n<p><a href=\"http:\/\/wyborcza.biz\/Gieldy\/1,132329,22303055,boryszew-przygotowuje-nowy-program-inwestycyjny-dla-impexmetalu.html?disableRedirects=true\">wi\u0119cej<\/a><\/p>\n","protected":false},"excerpt":{"rendered":"<p>Boryszew przygotowuje nowy program inwestycyjny dla Impexmetalu &#8211; ma on pozwoli\u0107 na wzrost mocy<span class=\"excerpt-hellip\"> [\u2026]<\/span><\/p>\n","protected":false},"author":1,"featured_media":0,"comment_status":"closed","ping_status":"closed","sticky":false,"template":"","format":"standard","meta":{"footnotes":""},"categories":[141,142],"tags":[],"_links":{"self":[{"href":"https:\/\/www.boryszew.com.pl\/en\/wp-json\/wp\/v2\/posts\/4983"}],"collection":[{"href":"https:\/\/www.boryszew.com.pl\/en\/wp-json\/wp\/v2\/posts"}],"about":[{"href":"https:\/\/www.boryszew.com.pl\/en\/wp-json\/wp\/v2\/types\/post"}],"author":[{"embeddable":true,"href":"https:\/\/www.boryszew.com.pl\/en\/wp-json\/wp\/v2\/users\/1"}],"replies":[{"embeddable":true,"href":"https:\/\/www.boryszew.com.pl\/en\/wp-json\/wp\/v2\/comments?post=4983"}],"version-history":[{"count":1,"href":"https:\/\/www.boryszew.com.pl\/en\/wp-json\/wp\/v2\/posts\/4983\/revisions"}],"predecessor-version":[{"id":7190,"href":"https:\/\/www.boryszew.com.pl\/en\/wp-json\/wp\/v2\/posts\/4983\/revisions\/7190"}],"wp:attachment":[{"href":"https:\/\/www.boryszew.com.pl\/en\/wp-json\/wp\/v2\/media?parent=4983"}],"wp:term":[{"taxonomy":"category","embeddable":true,"href":"https:\/\/www.boryszew.com.pl\/en\/wp-json\/wp\/v2\/categories?post=4983"},{"taxonomy":"post_tag","embeddable":true,"href":"https:\/\/www.boryszew.com.pl\/en\/wp-json\/wp\/v2\/tags?post=4983"}],"curies":[{"name":"wp","href":"https:\/\/api.w.org\/{rel}","templated":true}]}}